{"id":1,"date":"2020-12-07T10:36:40","date_gmt":"2020-12-07T09:36:40","guid":{"rendered":"https:\/\/edev-multimedia.com\/mairie-canale-di-verde\/?p=1"},"modified":"2021-01-29T11:24:42","modified_gmt":"2021-01-29T10:24:42","slug":"commemoration-du-11-novembre-2020","status":"publish","type":"post","link":"https:\/\/canale-di-verde.fr\/corse\/commemoration-du-11-novembre-2020\/","title":{"rendered":"Comm\u00e9moration du 11 Novembre 2020"},"content":{"rendered":"<div data-elementor-type=\"wp-post\" data-elementor-id=\"1\" class=\"elementor elementor-1\">\n\t\t\t\t\t\t<section class=\"elementor-section elementor-top-section elementor-element elementor-element-75e27ba9 elementor-section-boxed elementor-section-height-default elementor-section-height-default\" data-id=\"75e27ba9\" data-element_type=\"section\">\n\t\t\t\t\t\t<div class=\"elementor-container elementor-column-gap-default\">\n\t\t\t\t\t<div class=\"elementor-column elementor-col-100 elementor-top-column elementor-element elementor-element-753ba346\" data-id=\"753ba346\" data-element_type=\"column\">\n\t\t\t<div class=\"elementor-widget-wrap elementor-element-populated\">\n\t\t\t\t\t\t<div class=\"elementor-element elementor-element-4748beb4 elementor-widget elementor-widget-text-editor\" data-id=\"4748beb4\" data-element_type=\"widget\" data-widget_type=\"text-editor.default\">\n\t\t\t\t<div class=\"elementor-widget-container\">\n\t\t\t\t\t\t\t\t\t<p><\/p>\n<p>C\u00e9r\u00e9monie du 11 Novembre 2020 et f\u00eate patronale de la Saint Martin.<\/p>\n<p>Pour des raisons sanitaires \u00e9videntes, cette ann\u00e9e la manifestation s&#8217;est d\u00e9roul\u00e9e en comit\u00e9 restreint et dans le respect des gestes barri\u00e8res.<\/p>\n<p><\/p>\t\t\t\t\t\t\t\t<\/div>\n\t\t\t\t<\/div>\n\t\t\t\t\t<\/div>\n\t\t<\/div>\n\t\t\t\t\t<\/div>\n\t\t<\/section>\n\t\t\t\t<\/div>","protected":false},"excerpt":{"rendered":"<p>C\u00e9r\u00e9monie du 11 Novembre 2020 et f\u00eate patronale de la Saint Martin. Pour des raisons sanitaires \u00e9videntes, cette ann\u00e9e la manifestation s&#8217;est d\u00e9roul\u00e9e en comit\u00e9 restreint et dans le respect des gestes barri\u00e8res.<\/p>","protected":false},"author":1,"featured_media":6553,"comment_status":"closed","ping_status":"closed","sticky":false,"template":"","format":"standard","meta":{"_monsterinsights_skip_tracking":false,"_monsterinsights_sitenote_active":false,"_monsterinsights_sitenote_note":"","_monsterinsights_sitenote_category":0,"footnotes":""},"categories":[1],"tags":[],"class_list":["post-1","post","type-post","status-publish","format-standard","has-post-thumbnail","hentry","category-non-classe"],"yoast_head":"<!-- This site is optimized with the Yoast SEO plugin v26.8 - https:\/\/yoast.com\/product\/yoast-seo-wordpress\/ -->\n<title>Comm\u00e9moration du 11 Novembre 2020 - Cumuna di Canale-di-Verde | Haute-Corse<\/title>\n<meta name=\"robots\" content=\"index, follow, max-snippet:-1, max-image-preview:large, max-video-preview:-1\" \/>\n<link rel=\"canonical\" href=\"https:\/\/canale-di-verde.fr\/corse\/commemoration-du-11-novembre-2020\/\" \/>\n<meta property=\"og:locale\" content=\"en_US\" \/>\n<meta property=\"og:type\" content=\"article\" \/>\n<meta property=\"og:title\" content=\"Comm\u00e9moration du 11 Novembre 2020 - Cumuna di Canale-di-Verde | Haute-Corse\" \/>\n<meta property=\"og:description\" content=\"C\u00e9r\u00e9monie du 11 Novembre 2020 et f\u00eate patronale de la Saint Martin. Pour des raisons sanitaires \u00e9videntes, cette ann\u00e9e la manifestation s&#8217;est d\u00e9roul\u00e9e en comit\u00e9 restreint et dans le respect des gestes barri\u00e8res.\" \/>\n<meta property=\"og:url\" content=\"https:\/\/canale-di-verde.fr\/corse\/commemoration-du-11-novembre-2020\/\" \/>\n<meta property=\"og:site_name\" content=\"Cumuna di Canale-di-Verde | Haute-Corse\" \/>\n<meta property=\"article:published_time\" content=\"2020-12-07T09:36:40+00:00\" \/>\n<meta property=\"article:modified_time\" content=\"2021-01-29T10:24:42+00:00\" \/>\n<meta property=\"og:image\" content=\"https:\/\/canale-di-verde.fr\/wp-content\/uploads\/2020\/12\/IMG_0074.jpg\" \/>\n\t<meta property=\"og:image:width\" content=\"1504\" \/>\n\t<meta property=\"og:image:height\" content=\"1000\" \/>\n\t<meta property=\"og:image:type\" content=\"image\/jpeg\" \/>\n<meta name=\"author\" content=\"admin\" \/>\n<meta name=\"twitter:card\" content=\"summary_large_image\" \/>\n<meta name=\"twitter:label1\" content=\"Written by\" \/>\n\t<meta name=\"twitter:data1\" content=\"admin\" \/>\n<script type=\"application\/ld+json\" class=\"yoast-schema-graph\">{\"@context\":\"https:\/\/schema.org\",\"@graph\":[{\"@type\":\"Article\",\"@id\":\"https:\/\/canale-di-verde.fr\/corse\/commemoration-du-11-novembre-2020\/#article\",\"isPartOf\":{\"@id\":\"https:\/\/canale-di-verde.fr\/corse\/commemoration-du-11-novembre-2020\/\"},\"author\":{\"name\":\"admin\",\"@id\":\"https:\/\/canale-di-verde.fr\/#\/schema\/person\/63638692a2d63333ee74854bea4895b4\"},\"headline\":\"Comm\u00e9moration du 11 Novembre 2020\",\"datePublished\":\"2020-12-07T09:36:40+00:00\",\"dateModified\":\"2021-01-29T10:24:42+00:00\",\"mainEntityOfPage\":{\"@id\":\"https:\/\/canale-di-verde.fr\/corse\/commemoration-du-11-novembre-2020\/\"},\"wordCount\":42,\"publisher\":{\"@id\":\"https:\/\/canale-di-verde.fr\/#organization\"},\"image\":{\"@id\":\"https:\/\/canale-di-verde.fr\/corse\/commemoration-du-11-novembre-2020\/#primaryimage\"},\"thumbnailUrl\":\"https:\/\/canale-di-verde.fr\/wp-content\/uploads\/2020\/12\/IMG_0074.jpg\",\"articleSection\":[\"Non class\u00e9\"],\"inLanguage\":\"co\"},{\"@type\":\"WebPage\",\"@id\":\"https:\/\/canale-di-verde.fr\/corse\/commemoration-du-11-novembre-2020\/\",\"url\":\"https:\/\/canale-di-verde.fr\/corse\/commemoration-du-11-novembre-2020\/\",\"name\":\"Comm\u00e9moration du 11 Novembre 2020 - Cumuna di Canale-di-Verde | Haute-Corse\",\"isPartOf\":{\"@id\":\"https:\/\/canale-di-verde.fr\/#website\"},\"primaryImageOfPage\":{\"@id\":\"https:\/\/canale-di-verde.fr\/corse\/commemoration-du-11-novembre-2020\/#primaryimage\"},\"image\":{\"@id\":\"https:\/\/canale-di-verde.fr\/corse\/commemoration-du-11-novembre-2020\/#primaryimage\"},\"thumbnailUrl\":\"https:\/\/canale-di-verde.fr\/wp-content\/uploads\/2020\/12\/IMG_0074.jpg\",\"datePublished\":\"2020-12-07T09:36:40+00:00\",\"dateModified\":\"2021-01-29T10:24:42+00:00\",\"breadcrumb\":{\"@id\":\"https:\/\/canale-di-verde.fr\/corse\/commemoration-du-11-novembre-2020\/#breadcrumb\"},\"inLanguage\":\"co\",\"potentialAction\":[{\"@type\":\"ReadAction\",\"target\":[\"https:\/\/canale-di-verde.fr\/corse\/commemoration-du-11-novembre-2020\/\"]}]},{\"@type\":\"ImageObject\",\"inLanguage\":\"co\",\"@id\":\"https:\/\/canale-di-verde.fr\/corse\/commemoration-du-11-novembre-2020\/#primaryimage\",\"url\":\"https:\/\/canale-di-verde.fr\/wp-content\/uploads\/2020\/12\/IMG_0074.jpg\",\"contentUrl\":\"https:\/\/canale-di-verde.fr\/wp-content\/uploads\/2020\/12\/IMG_0074.jpg\",\"width\":1504,\"height\":1000},{\"@type\":\"BreadcrumbList\",\"@id\":\"https:\/\/canale-di-verde.fr\/corse\/commemoration-du-11-novembre-2020\/#breadcrumb\",\"itemListElement\":[{\"@type\":\"ListItem\",\"position\":1,\"name\":\"Accueil\",\"item\":\"https:\/\/canale-di-verde.fr\/\"},{\"@type\":\"ListItem\",\"position\":2,\"name\":\"Comm\u00e9moration du 11 Novembre 2020\"}]},{\"@type\":\"WebSite\",\"@id\":\"https:\/\/canale-di-verde.fr\/#website\",\"url\":\"https:\/\/canale-di-verde.fr\/\",\"name\":\"Cumuna di Canale-di-Verde | Haute-Corse\",\"description\":\"Commune de Canale-di-Verde | Haute-Corse\",\"publisher\":{\"@id\":\"https:\/\/canale-di-verde.fr\/#organization\"},\"potentialAction\":[{\"@type\":\"SearchAction\",\"target\":{\"@type\":\"EntryPoint\",\"urlTemplate\":\"https:\/\/canale-di-verde.fr\/?s={search_term_string}\"},\"query-input\":{\"@type\":\"PropertyValueSpecification\",\"valueRequired\":true,\"valueName\":\"search_term_string\"}}],\"inLanguage\":\"co\"},{\"@type\":\"Organization\",\"@id\":\"https:\/\/canale-di-verde.fr\/#organization\",\"name\":\"Commune de Canale-di-Verde\",\"url\":\"https:\/\/canale-di-verde.fr\/\",\"logo\":{\"@type\":\"ImageObject\",\"inLanguage\":\"co\",\"@id\":\"https:\/\/canale-di-verde.fr\/#\/schema\/logo\/image\/\",\"url\":\"https:\/\/canale-di-verde.fr\/wp-content\/uploads\/2020\/12\/logo-cdv.png\",\"contentUrl\":\"https:\/\/canale-di-verde.fr\/wp-content\/uploads\/2020\/12\/logo-cdv.png\",\"width\":1922,\"height\":764,\"caption\":\"Commune de Canale-di-Verde\"},\"image\":{\"@id\":\"https:\/\/canale-di-verde.fr\/#\/schema\/logo\/image\/\"}},{\"@type\":\"Person\",\"@id\":\"https:\/\/canale-di-verde.fr\/#\/schema\/person\/63638692a2d63333ee74854bea4895b4\",\"name\":\"admin\",\"image\":{\"@type\":\"ImageObject\",\"inLanguage\":\"co\",\"@id\":\"https:\/\/canale-di-verde.fr\/#\/schema\/person\/image\/\",\"url\":\"https:\/\/secure.gravatar.com\/avatar\/12d13fcf616aa3faa9ae178dd2c39821d1f76332f0db0f7303ea7c935c02804d?s=96&d=mm&r=g\",\"contentUrl\":\"https:\/\/secure.gravatar.com\/avatar\/12d13fcf616aa3faa9ae178dd2c39821d1f76332f0db0f7303ea7c935c02804d?s=96&d=mm&r=g\",\"caption\":\"admin\"},\"sameAs\":[\"https:\/\/edev-multimedia.com\/mairie-canale-di-verde\"],\"url\":\"https:\/\/canale-di-verde.fr\/corse\/author\/admin\/\"}]}<\/script>\n<!-- \/ Yoast SEO plugin. -->","yoast_head_json":{"title":"Comm\u00e9moration du 11 Novembre 2020 - Cumuna di Canale-di-Verde | Haute-Corse","robots":{"index":"index","follow":"follow","max-snippet":"max-snippet:-1","max-image-preview":"max-image-preview:large","max-video-preview":"max-video-preview:-1"},"canonical":"https:\/\/canale-di-verde.fr\/corse\/commemoration-du-11-novembre-2020\/","og_locale":"en_US","og_type":"article","og_title":"Comm\u00e9moration du 11 Novembre 2020 - Cumuna di Canale-di-Verde | Haute-Corse","og_description":"C\u00e9r\u00e9monie du 11 Novembre 2020 et f\u00eate patronale de la Saint Martin. Pour des raisons sanitaires \u00e9videntes, cette ann\u00e9e la manifestation s&#8217;est d\u00e9roul\u00e9e en comit\u00e9 restreint et dans le respect des gestes barri\u00e8res.","og_url":"https:\/\/canale-di-verde.fr\/corse\/commemoration-du-11-novembre-2020\/","og_site_name":"Cumuna di Canale-di-Verde | Haute-Corse","article_published_time":"2020-12-07T09:36:40+00:00","article_modified_time":"2021-01-29T10:24:42+00:00","og_image":[{"width":1504,"height":1000,"url":"https:\/\/canale-di-verde.fr\/wp-content\/uploads\/2020\/12\/IMG_0074.jpg","type":"image\/jpeg"}],"author":"admin","twitter_card":"summary_large_image","twitter_misc":{"Written by":"admin"},"schema":{"@context":"https:\/\/schema.org","@graph":[{"@type":"Article","@id":"https:\/\/canale-di-verde.fr\/corse\/commemoration-du-11-novembre-2020\/#article","isPartOf":{"@id":"https:\/\/canale-di-verde.fr\/corse\/commemoration-du-11-novembre-2020\/"},"author":{"name":"admin","@id":"https:\/\/canale-di-verde.fr\/#\/schema\/person\/63638692a2d63333ee74854bea4895b4"},"headline":"Comm\u00e9moration du 11 Novembre 2020","datePublished":"2020-12-07T09:36:40+00:00","dateModified":"2021-01-29T10:24:42+00:00","mainEntityOfPage":{"@id":"https:\/\/canale-di-verde.fr\/corse\/commemoration-du-11-novembre-2020\/"},"wordCount":42,"publisher":{"@id":"https:\/\/canale-di-verde.fr\/#organization"},"image":{"@id":"https:\/\/canale-di-verde.fr\/corse\/commemoration-du-11-novembre-2020\/#primaryimage"},"thumbnailUrl":"https:\/\/canale-di-verde.fr\/wp-content\/uploads\/2020\/12\/IMG_0074.jpg","articleSection":["Non class\u00e9"],"inLanguage":"co"},{"@type":"WebPage","@id":"https:\/\/canale-di-verde.fr\/corse\/commemoration-du-11-novembre-2020\/","url":"https:\/\/canale-di-verde.fr\/corse\/commemoration-du-11-novembre-2020\/","name":"Comm\u00e9moration du 11 Novembre 2020 - Cumuna di Canale-di-Verde | Haute-Corse","isPartOf":{"@id":"https:\/\/canale-di-verde.fr\/#website"},"primaryImageOfPage":{"@id":"https:\/\/canale-di-verde.fr\/corse\/commemoration-du-11-novembre-2020\/#primaryimage"},"image":{"@id":"https:\/\/canale-di-verde.fr\/corse\/commemoration-du-11-novembre-2020\/#primaryimage"},"thumbnailUrl":"https:\/\/canale-di-verde.fr\/wp-content\/uploads\/2020\/12\/IMG_0074.jpg","datePublished":"2020-12-07T09:36:40+00:00","dateModified":"2021-01-29T10:24:42+00:00","breadcrumb":{"@id":"https:\/\/canale-di-verde.fr\/corse\/commemoration-du-11-novembre-2020\/#breadcrumb"},"inLanguage":"co","potentialAction":[{"@type":"ReadAction","target":["https:\/\/canale-di-verde.fr\/corse\/commemoration-du-11-novembre-2020\/"]}]},{"@type":"ImageObject","inLanguage":"co","@id":"https:\/\/canale-di-verde.fr\/corse\/commemoration-du-11-novembre-2020\/#primaryimage","url":"https:\/\/canale-di-verde.fr\/wp-content\/uploads\/2020\/12\/IMG_0074.jpg","contentUrl":"https:\/\/canale-di-verde.fr\/wp-content\/uploads\/2020\/12\/IMG_0074.jpg","width":1504,"height":1000},{"@type":"BreadcrumbList","@id":"https:\/\/canale-di-verde.fr\/corse\/commemoration-du-11-novembre-2020\/#breadcrumb","itemListElement":[{"@type":"ListItem","position":1,"name":"Accueil","item":"https:\/\/canale-di-verde.fr\/"},{"@type":"ListItem","position":2,"name":"Comm\u00e9moration du 11 Novembre 2020"}]},{"@type":"WebSite","@id":"https:\/\/canale-di-verde.fr\/#website","url":"https:\/\/canale-di-verde.fr\/","name":"Cumuna di Canale-di-Verde | Haute-Corse","description":"Commune de Canale-di-Verde | Haute-Corse","publisher":{"@id":"https:\/\/canale-di-verde.fr\/#organization"},"potentialAction":[{"@type":"SearchAction","target":{"@type":"EntryPoint","urlTemplate":"https:\/\/canale-di-verde.fr\/?s={search_term_string}"},"query-input":{"@type":"PropertyValueSpecification","valueRequired":true,"valueName":"search_term_string"}}],"inLanguage":"co"},{"@type":"Organization","@id":"https:\/\/canale-di-verde.fr\/#organization","name":"Cumuna di Canale di Verde","url":"https:\/\/canale-di-verde.fr\/","logo":{"@type":"ImageObject","inLanguage":"co","@id":"https:\/\/canale-di-verde.fr\/#\/schema\/logo\/image\/","url":"https:\/\/canale-di-verde.fr\/wp-content\/uploads\/2020\/12\/logo-cdv.png","contentUrl":"https:\/\/canale-di-verde.fr\/wp-content\/uploads\/2020\/12\/logo-cdv.png","width":1922,"height":764,"caption":"Commune de Canale-di-Verde"},"image":{"@id":"https:\/\/canale-di-verde.fr\/#\/schema\/logo\/image\/"}},{"@type":"Person","@id":"https:\/\/canale-di-verde.fr\/#\/schema\/person\/63638692a2d63333ee74854bea4895b4","name":"admin","image":{"@type":"ImageObject","inLanguage":"co","@id":"https:\/\/canale-di-verde.fr\/#\/schema\/person\/image\/","url":"https:\/\/secure.gravatar.com\/avatar\/12d13fcf616aa3faa9ae178dd2c39821d1f76332f0db0f7303ea7c935c02804d?s=96&d=mm&r=g","contentUrl":"https:\/\/secure.gravatar.com\/avatar\/12d13fcf616aa3faa9ae178dd2c39821d1f76332f0db0f7303ea7c935c02804d?s=96&d=mm&r=g","caption":"admin"},"sameAs":["https:\/\/edev-multimedia.com\/mairie-canale-di-verde"],"url":"https:\/\/canale-di-verde.fr\/corse\/author\/admin\/"}]}},"_links":{"self":[{"href":"https:\/\/canale-di-verde.fr\/corse\/wp-json\/wp\/v2\/posts\/1","targetHints":{"allow":["GET"]}}],"collection":[{"href":"https:\/\/canale-di-verde.fr\/corse\/wp-json\/wp\/v2\/posts"}],"about":[{"href":"https:\/\/canale-di-verde.fr\/corse\/wp-json\/wp\/v2\/types\/post"}],"author":[{"embeddable":true,"href":"https:\/\/canale-di-verde.fr\/corse\/wp-json\/wp\/v2\/users\/1"}],"replies":[{"embeddable":true,"href":"https:\/\/canale-di-verde.fr\/corse\/wp-json\/wp\/v2\/comments?post=1"}],"version-history":[{"count":12,"href":"https:\/\/canale-di-verde.fr\/corse\/wp-json\/wp\/v2\/posts\/1\/revisions"}],"predecessor-version":[{"id":6570,"href":"https:\/\/canale-di-verde.fr\/corse\/wp-json\/wp\/v2\/posts\/1\/revisions\/6570"}],"wp:featuredmedia":[{"embeddable":true,"href":"https:\/\/canale-di-verde.fr\/corse\/wp-json\/wp\/v2\/media\/6553"}],"wp:attachment":[{"href":"https:\/\/canale-di-verde.fr\/corse\/wp-json\/wp\/v2\/media?parent=1"}],"wp:term":[{"taxonomy":"category","embeddable":true,"href":"https:\/\/canale-di-verde.fr\/corse\/wp-json\/wp\/v2\/categories?post=1"},{"taxonomy":"post_tag","embeddable":true,"href":"https:\/\/canale-di-verde.fr\/corse\/wp-json\/wp\/v2\/tags?post=1"}],"curies":[{"name":"wp","href":"https:\/\/api.w.org\/{rel}","templated":true}]}}